{"id":1385,"date":"2022-11-24T15:57:43","date_gmt":"2022-11-24T14:57:43","guid":{"rendered":"https:\/\/giorgiutti.it\/?p=1385"},"modified":"2024-01-12T18:05:42","modified_gmt":"2024-01-12T17:05:42","slug":"il-congedo-obbligatorio-di-paternita-dopo-il-dlgs-105-2022","status":"publish","type":"post","link":"https:\/\/www.giorgiutti.it\/en\/2022\/11\/il-congedo-obbligatorio-di-paternita-dopo-il-dlgs-105-2022\/","title":{"rendered":"Il congedo obbligatorio di paternit\u00e0 dopo il Dlgs. 105\/2022"},"content":{"rendered":"<p>Il congedo obbligatorio di paternit\u00e0 dopo il Dlgs.\u00a0105\/2022<\/p>\n<p>Il DLgs. 30.6.2022 n. 105 (in vigore dal 13.8.2022) ha recepito la Direttiva n. 2019\/1158\/Ue, relativa all\u2019equilibrio tra attivit\u00e0 professionale e vita familiare per i genitori e i prestatori di assistenza. L\u2019obiettivo che il decreto intende perseguire \u00e8 quello di una pi\u00f9 equa condivisione delle responsabilit\u00e0 genitoriali e di cura tra uomini e donne, promuovendo la parit\u00e0 di genere in ambito lavorativo e familiare. Numerose modifiche normative sono state introdotte in materia di congedi di paternit\u00e0, parentali, assistenza delle persone con disabilit\u00e0 grave e maternit\u00e0 per le lavoratrici autonome, libere professioniste e para-subordinati, riordinando e aggiornando la disciplina e rafforzandone le tutele.<br \/>\nL\u2019INPS con la circ. 27.10.2022 n. 122 ha fornito le indicazioni operative relativamente al congedo di paternit\u00e0 obbligatorio, al congedo parentale e ai periodi indennizzabili di maternit\u00e0 anticipata per gravidanza a rischio delle lavoratrici autonome.<br \/>\n1. Dalla L. 92\/2012 al recepimento della Direttiva 2019\/1158\/Ue Con il DLgs.\u00a0105\/2022\u00a0si pu\u00f2 dire concluso, almeno sul piano legislativo e sistematico, il percorso iniziato, ormai dieci anni fa, con la L. 92\/2012 (c.d. Legge Fornero) che, al fine di sostenere la genitorialit\u00e0, promuovendo una cultura di maggiore condivisione dei compiti di cura dei figli all\u2019interno della coppia e per favorire la conciliazione dei tempi di vita e di lavoro, aveva introdotto, in via sperimentale per gli anni dal 2013 al 2015, in favore del padre lavoratore dipendente, un congedo obbligatorio della durata di un giorno e un congedo facoltativo, alternativo al congedo di maternit\u00e0, di due giorni. Successivamente, la sperimentazione era stata estesa anche negli anni a venire attraverso specifici interventi di copertura a opera delle diverse leggi di bilancio<\/p>\n<p>Estratto dell\u2019articolo firmato da\u00a0<a href=\"https:\/\/www.giorgiutti.it\/team-global-giorgiutti\/rag-davide-buco\/\">Davide Buco<\/a>, Consulente del Lavoro, apparso interamente sul n\u00b0 71 di\u00a0<a href=\"https:\/\/www.eutekne.it\/default.aspx\" target=\"_blank\" rel=\"noopener\">Eutekne<\/a>\u00a0a Novembre 2022<\/p>\n","protected":false},"excerpt":{"rendered":"<p>Il congedo obbligatorio di paternit\u00e0 dopo il Dlgs.\u00a0105\/2022 Il DLgs. 30.6.2022 n. 105 (in vigore dal 13.8.2022) ha recepito la Direttiva n. 2019\/1158\/Ue, relativa all\u2019equilibrio tra attivit\u00e0 professionale e vita familiare per i genitori e i prestatori di assistenza. L\u2019obiettivo che il decreto intende perseguire \u00e8 quello di una pi\u00f9 equa condivisione delle responsabilit\u00e0 genitoriali&hellip;<\/p>\n","protected":false},"author":1,"featured_media":604,"comment_status":"closed","ping_status":"closed","sticky":false,"template":"","format":"standard","meta":{"footnotes":""},"categories":[76],"tags":[85,95,111,81,112],"class_list":["post-1385","post","type-post","status-publish","format-standard","has-post-thumbnail","hentry","category-inps","tag-eutekne","tag-figli","tag-fornero","tag-lavoro","tag-paternita"],"yoast_head":"<!-- This site is optimized with the Yoast SEO plugin v27.4 - https:\/\/yoast.com\/product\/yoast-seo-wordpress\/ -->\n<title>Il congedo obbligatorio di paternit\u00e0 dopo il Dlgs. 105\/2022 - Giorgiutti &amp; Di Barbara<\/title>\n<meta name=\"robots\" content=\"index, follow, max-snippet:-1, max-image-preview:large, max-video-preview:-1\" \/>\n<link rel=\"canonical\" href=\"https:\/\/www.giorgiutti.it\/2022\/11\/il-congedo-obbligatorio-di-paternita-dopo-il-dlgs-105-2022\/\" \/>\n<meta property=\"og:locale\" content=\"en_US\" \/>\n<meta property=\"og:type\" content=\"article\" \/>\n<meta property=\"og:title\" content=\"Il congedo obbligatorio di paternit\u00e0 dopo il Dlgs. 105\/2022 - Giorgiutti &amp; Di Barbara\" \/>\n<meta property=\"og:description\" content=\"Il congedo obbligatorio di paternit\u00e0 dopo il Dlgs.\u00a0105\/2022 Il DLgs. 30.6.2022 n. 105 (in vigore dal 13.8.2022) ha recepito la Direttiva n. 2019\/1158\/Ue, relativa all\u2019equilibrio tra attivit\u00e0 professionale e vita familiare per i genitori e i prestatori di assistenza. L\u2019obiettivo che il decreto intende perseguire \u00e8 quello di una pi\u00f9 equa condivisione delle responsabilit\u00e0 genitoriali&hellip;\" \/>\n<meta property=\"og:url\" content=\"https:\/\/www.giorgiutti.it\/2022\/11\/il-congedo-obbligatorio-di-paternita-dopo-il-dlgs-105-2022\/\" \/>\n<meta property=\"og:site_name\" content=\"Giorgiutti &amp; Di Barbara\" \/>\n<meta property=\"article:published_time\" content=\"2022-11-24T14:57:43+00:00\" \/>\n<meta property=\"article:modified_time\" content=\"2024-01-12T17:05:42+00:00\" \/>\n<meta property=\"og:image\" content=\"https:\/\/www.giorgiutti.it\/wp-content\/uploads\/2023\/02\/davide-buco-300.jpeg\" \/>\n\t<meta property=\"og:image:width\" content=\"300\" \/>\n\t<meta property=\"og:image:height\" content=\"300\" \/>\n\t<meta property=\"og:image:type\" content=\"image\/jpeg\" \/>\n<meta name=\"author\" content=\"interlaced\" \/>\n<meta name=\"twitter:card\" content=\"summary_large_image\" \/>\n<meta name=\"twitter:label1\" content=\"Written by\" \/>\n\t<meta name=\"twitter:data1\" content=\"interlaced\" \/>\n\t<meta name=\"twitter:label2\" content=\"Est. reading time\" \/>\n\t<meta name=\"twitter:data2\" content=\"1 minute\" \/>\n<script type=\"application\/ld+json\" class=\"yoast-schema-graph\">{\"@context\":\"https:\\\/\\\/schema.org\",\"@graph\":[{\"@type\":\"Article\",\"@id\":\"https:\\\/\\\/www.giorgiutti.it\\\/2022\\\/11\\\/il-congedo-obbligatorio-di-paternita-dopo-il-dlgs-105-2022\\\/#article\",\"isPartOf\":{\"@id\":\"https:\\\/\\\/www.giorgiutti.it\\\/2022\\\/11\\\/il-congedo-obbligatorio-di-paternita-dopo-il-dlgs-105-2022\\\/\"},\"author\":{\"name\":\"interlaced\",\"@id\":\"https:\\\/\\\/www.giorgiutti.it\\\/#\\\/schema\\\/person\\\/65170c0ab42b45e7140a3fefae3a50f5\"},\"headline\":\"Il congedo obbligatorio di paternit\u00e0 dopo il Dlgs. 105\\\/2022\",\"datePublished\":\"2022-11-24T14:57:43+00:00\",\"dateModified\":\"2024-01-12T17:05:42+00:00\",\"mainEntityOfPage\":{\"@id\":\"https:\\\/\\\/www.giorgiutti.it\\\/2022\\\/11\\\/il-congedo-obbligatorio-di-paternita-dopo-il-dlgs-105-2022\\\/\"},\"wordCount\":296,\"publisher\":{\"@id\":\"https:\\\/\\\/www.giorgiutti.it\\\/#organization\"},\"image\":{\"@id\":\"https:\\\/\\\/www.giorgiutti.it\\\/2022\\\/11\\\/il-congedo-obbligatorio-di-paternita-dopo-il-dlgs-105-2022\\\/#primaryimage\"},\"thumbnailUrl\":\"https:\\\/\\\/www.giorgiutti.it\\\/wp-content\\\/uploads\\\/2023\\\/02\\\/davide-buco-300.jpeg\",\"keywords\":[\"eutekne\",\"figli\",\"Fornero\",\"lavoro\",\"paternita\"],\"articleSection\":[\"INPS\"],\"inLanguage\":\"en-US\"},{\"@type\":\"WebPage\",\"@id\":\"https:\\\/\\\/www.giorgiutti.it\\\/2022\\\/11\\\/il-congedo-obbligatorio-di-paternita-dopo-il-dlgs-105-2022\\\/\",\"url\":\"https:\\\/\\\/www.giorgiutti.it\\\/2022\\\/11\\\/il-congedo-obbligatorio-di-paternita-dopo-il-dlgs-105-2022\\\/\",\"name\":\"Il congedo obbligatorio di paternit\u00e0 dopo il Dlgs. 105\\\/2022 - Giorgiutti &amp; Di Barbara\",\"isPartOf\":{\"@id\":\"https:\\\/\\\/www.giorgiutti.it\\\/#website\"},\"primaryImageOfPage\":{\"@id\":\"https:\\\/\\\/www.giorgiutti.it\\\/2022\\\/11\\\/il-congedo-obbligatorio-di-paternita-dopo-il-dlgs-105-2022\\\/#primaryimage\"},\"image\":{\"@id\":\"https:\\\/\\\/www.giorgiutti.it\\\/2022\\\/11\\\/il-congedo-obbligatorio-di-paternita-dopo-il-dlgs-105-2022\\\/#primaryimage\"},\"thumbnailUrl\":\"https:\\\/\\\/www.giorgiutti.it\\\/wp-content\\\/uploads\\\/2023\\\/02\\\/davide-buco-300.jpeg\",\"datePublished\":\"2022-11-24T14:57:43+00:00\",\"dateModified\":\"2024-01-12T17:05:42+00:00\",\"breadcrumb\":{\"@id\":\"https:\\\/\\\/www.giorgiutti.it\\\/2022\\\/11\\\/il-congedo-obbligatorio-di-paternita-dopo-il-dlgs-105-2022\\\/#breadcrumb\"},\"inLanguage\":\"en-US\",\"potentialAction\":[{\"@type\":\"ReadAction\",\"target\":[\"https:\\\/\\\/www.giorgiutti.it\\\/2022\\\/11\\\/il-congedo-obbligatorio-di-paternita-dopo-il-dlgs-105-2022\\\/\"]}]},{\"@type\":\"ImageObject\",\"inLanguage\":\"en-US\",\"@id\":\"https:\\\/\\\/www.giorgiutti.it\\\/2022\\\/11\\\/il-congedo-obbligatorio-di-paternita-dopo-il-dlgs-105-2022\\\/#primaryimage\",\"url\":\"https:\\\/\\\/www.giorgiutti.it\\\/wp-content\\\/uploads\\\/2023\\\/02\\\/davide-buco-300.jpeg\",\"contentUrl\":\"https:\\\/\\\/www.giorgiutti.it\\\/wp-content\\\/uploads\\\/2023\\\/02\\\/davide-buco-300.jpeg\",\"width\":300,\"height\":300},{\"@type\":\"BreadcrumbList\",\"@id\":\"https:\\\/\\\/www.giorgiutti.it\\\/2022\\\/11\\\/il-congedo-obbligatorio-di-paternita-dopo-il-dlgs-105-2022\\\/#breadcrumb\",\"itemListElement\":[{\"@type\":\"ListItem\",\"position\":1,\"name\":\"Home\",\"item\":\"https:\\\/\\\/www.giorgiutti.it\\\/en\\\/\"},{\"@type\":\"ListItem\",\"position\":2,\"name\":\"Il congedo obbligatorio di paternit\u00e0 dopo il Dlgs. 105\\\/2022\"}]},{\"@type\":\"WebSite\",\"@id\":\"https:\\\/\\\/www.giorgiutti.it\\\/#website\",\"url\":\"https:\\\/\\\/www.giorgiutti.it\\\/\",\"name\":\"Giorgiutti & Di Barbara\",\"description\":\"Studio Consulenze del Lavoro\",\"publisher\":{\"@id\":\"https:\\\/\\\/www.giorgiutti.it\\\/#organization\"},\"potentialAction\":[{\"@type\":\"SearchAction\",\"target\":{\"@type\":\"EntryPoint\",\"urlTemplate\":\"https:\\\/\\\/www.giorgiutti.it\\\/?s={search_term_string}\"},\"query-input\":{\"@type\":\"PropertyValueSpecification\",\"valueRequired\":true,\"valueName\":\"search_term_string\"}}],\"inLanguage\":\"en-US\"},{\"@type\":\"Organization\",\"@id\":\"https:\\\/\\\/www.giorgiutti.it\\\/#organization\",\"name\":\"Giorgiutti & Di Barbara\",\"url\":\"https:\\\/\\\/www.giorgiutti.it\\\/\",\"logo\":{\"@type\":\"ImageObject\",\"inLanguage\":\"en-US\",\"@id\":\"https:\\\/\\\/www.giorgiutti.it\\\/#\\\/schema\\\/logo\\\/image\\\/\",\"url\":\"https:\\\/\\\/www.giorgiutti.it\\\/wp-content\\\/uploads\\\/2023\\\/01\\\/logo-completo-blu.svg\",\"contentUrl\":\"https:\\\/\\\/www.giorgiutti.it\\\/wp-content\\\/uploads\\\/2023\\\/01\\\/logo-completo-blu.svg\",\"width\":1,\"height\":1,\"caption\":\"Giorgiutti & Di Barbara\"},\"image\":{\"@id\":\"https:\\\/\\\/www.giorgiutti.it\\\/#\\\/schema\\\/logo\\\/image\\\/\"},\"sameAs\":[\"https:\\\/\\\/www.linkedin.com\\\/company\\\/giorgiutti-srl?trk=biz-companies-cym\"]},{\"@type\":\"Person\",\"@id\":\"https:\\\/\\\/www.giorgiutti.it\\\/#\\\/schema\\\/person\\\/65170c0ab42b45e7140a3fefae3a50f5\",\"name\":\"interlaced\",\"image\":{\"@type\":\"ImageObject\",\"inLanguage\":\"en-US\",\"@id\":\"https:\\\/\\\/secure.gravatar.com\\\/avatar\\\/0ba4cc18d2f48555cfe5c04fe43d54e885364e91c7ae23d1b717767c3e879718?s=96&d=mm&r=g\",\"url\":\"https:\\\/\\\/secure.gravatar.com\\\/avatar\\\/0ba4cc18d2f48555cfe5c04fe43d54e885364e91c7ae23d1b717767c3e879718?s=96&d=mm&r=g\",\"contentUrl\":\"https:\\\/\\\/secure.gravatar.com\\\/avatar\\\/0ba4cc18d2f48555cfe5c04fe43d54e885364e91c7ae23d1b717767c3e879718?s=96&d=mm&r=g\",\"caption\":\"interlaced\"},\"sameAs\":[\"http:\\\/\\\/giorgiutti.it\"]}]}<\/script>\n<!-- \/ Yoast SEO plugin. -->","yoast_head_json":{"title":"Il congedo obbligatorio di paternit\u00e0 dopo il Dlgs. 105\/2022 - Giorgiutti &amp; Di Barbara","robots":{"index":"index","follow":"follow","max-snippet":"max-snippet:-1","max-image-preview":"max-image-preview:large","max-video-preview":"max-video-preview:-1"},"canonical":"https:\/\/www.giorgiutti.it\/2022\/11\/il-congedo-obbligatorio-di-paternita-dopo-il-dlgs-105-2022\/","og_locale":"en_US","og_type":"article","og_title":"Il congedo obbligatorio di paternit\u00e0 dopo il Dlgs. 105\/2022 - Giorgiutti &amp; Di Barbara","og_description":"Il congedo obbligatorio di paternit\u00e0 dopo il Dlgs.\u00a0105\/2022 Il DLgs. 30.6.2022 n. 105 (in vigore dal 13.8.2022) ha recepito la Direttiva n. 2019\/1158\/Ue, relativa all\u2019equilibrio tra attivit\u00e0 professionale e vita familiare per i genitori e i prestatori di assistenza. L\u2019obiettivo che il decreto intende perseguire \u00e8 quello di una pi\u00f9 equa condivisione delle responsabilit\u00e0 genitoriali&hellip;","og_url":"https:\/\/www.giorgiutti.it\/2022\/11\/il-congedo-obbligatorio-di-paternita-dopo-il-dlgs-105-2022\/","og_site_name":"Giorgiutti &amp; Di Barbara","article_published_time":"2022-11-24T14:57:43+00:00","article_modified_time":"2024-01-12T17:05:42+00:00","og_image":[{"width":300,"height":300,"url":"https:\/\/www.giorgiutti.it\/wp-content\/uploads\/2023\/02\/davide-buco-300.jpeg","type":"image\/jpeg"}],"author":"interlaced","twitter_card":"summary_large_image","twitter_misc":{"Written by":"interlaced","Est. reading time":"1 minute"},"schema":{"@context":"https:\/\/schema.org","@graph":[{"@type":"Article","@id":"https:\/\/www.giorgiutti.it\/2022\/11\/il-congedo-obbligatorio-di-paternita-dopo-il-dlgs-105-2022\/#article","isPartOf":{"@id":"https:\/\/www.giorgiutti.it\/2022\/11\/il-congedo-obbligatorio-di-paternita-dopo-il-dlgs-105-2022\/"},"author":{"name":"interlaced","@id":"https:\/\/www.giorgiutti.it\/#\/schema\/person\/65170c0ab42b45e7140a3fefae3a50f5"},"headline":"Il congedo obbligatorio di paternit\u00e0 dopo il Dlgs. 105\/2022","datePublished":"2022-11-24T14:57:43+00:00","dateModified":"2024-01-12T17:05:42+00:00","mainEntityOfPage":{"@id":"https:\/\/www.giorgiutti.it\/2022\/11\/il-congedo-obbligatorio-di-paternita-dopo-il-dlgs-105-2022\/"},"wordCount":296,"publisher":{"@id":"https:\/\/www.giorgiutti.it\/#organization"},"image":{"@id":"https:\/\/www.giorgiutti.it\/2022\/11\/il-congedo-obbligatorio-di-paternita-dopo-il-dlgs-105-2022\/#primaryimage"},"thumbnailUrl":"https:\/\/www.giorgiutti.it\/wp-content\/uploads\/2023\/02\/davide-buco-300.jpeg","keywords":["eutekne","figli","Fornero","lavoro","paternita"],"articleSection":["INPS"],"inLanguage":"en-US"},{"@type":"WebPage","@id":"https:\/\/www.giorgiutti.it\/2022\/11\/il-congedo-obbligatorio-di-paternita-dopo-il-dlgs-105-2022\/","url":"https:\/\/www.giorgiutti.it\/2022\/11\/il-congedo-obbligatorio-di-paternita-dopo-il-dlgs-105-2022\/","name":"Il congedo obbligatorio di paternit\u00e0 dopo il Dlgs. 105\/2022 - Giorgiutti &amp; Di Barbara","isPartOf":{"@id":"https:\/\/www.giorgiutti.it\/#website"},"primaryImageOfPage":{"@id":"https:\/\/www.giorgiutti.it\/2022\/11\/il-congedo-obbligatorio-di-paternita-dopo-il-dlgs-105-2022\/#primaryimage"},"image":{"@id":"https:\/\/www.giorgiutti.it\/2022\/11\/il-congedo-obbligatorio-di-paternita-dopo-il-dlgs-105-2022\/#primaryimage"},"thumbnailUrl":"https:\/\/www.giorgiutti.it\/wp-content\/uploads\/2023\/02\/davide-buco-300.jpeg","datePublished":"2022-11-24T14:57:43+00:00","dateModified":"2024-01-12T17:05:42+00:00","breadcrumb":{"@id":"https:\/\/www.giorgiutti.it\/2022\/11\/il-congedo-obbligatorio-di-paternita-dopo-il-dlgs-105-2022\/#breadcrumb"},"inLanguage":"en-US","potentialAction":[{"@type":"ReadAction","target":["https:\/\/www.giorgiutti.it\/2022\/11\/il-congedo-obbligatorio-di-paternita-dopo-il-dlgs-105-2022\/"]}]},{"@type":"ImageObject","inLanguage":"en-US","@id":"https:\/\/www.giorgiutti.it\/2022\/11\/il-congedo-obbligatorio-di-paternita-dopo-il-dlgs-105-2022\/#primaryimage","url":"https:\/\/www.giorgiutti.it\/wp-content\/uploads\/2023\/02\/davide-buco-300.jpeg","contentUrl":"https:\/\/www.giorgiutti.it\/wp-content\/uploads\/2023\/02\/davide-buco-300.jpeg","width":300,"height":300},{"@type":"BreadcrumbList","@id":"https:\/\/www.giorgiutti.it\/2022\/11\/il-congedo-obbligatorio-di-paternita-dopo-il-dlgs-105-2022\/#breadcrumb","itemListElement":[{"@type":"ListItem","position":1,"name":"Home","item":"https:\/\/www.giorgiutti.it\/en\/"},{"@type":"ListItem","position":2,"name":"Il congedo obbligatorio di paternit\u00e0 dopo il Dlgs. 105\/2022"}]},{"@type":"WebSite","@id":"https:\/\/www.giorgiutti.it\/#website","url":"https:\/\/www.giorgiutti.it\/","name":"Giorgiutti & Di Barbara","description":"Studio Consulenze del Lavoro","publisher":{"@id":"https:\/\/www.giorgiutti.it\/#organization"},"potentialAction":[{"@type":"SearchAction","target":{"@type":"EntryPoint","urlTemplate":"https:\/\/www.giorgiutti.it\/?s={search_term_string}"},"query-input":{"@type":"PropertyValueSpecification","valueRequired":true,"valueName":"search_term_string"}}],"inLanguage":"en-US"},{"@type":"Organization","@id":"https:\/\/www.giorgiutti.it\/#organization","name":"Giorgiutti & Di Barbara","url":"https:\/\/www.giorgiutti.it\/","logo":{"@type":"ImageObject","inLanguage":"en-US","@id":"https:\/\/www.giorgiutti.it\/#\/schema\/logo\/image\/","url":"https:\/\/www.giorgiutti.it\/wp-content\/uploads\/2023\/01\/logo-completo-blu.svg","contentUrl":"https:\/\/www.giorgiutti.it\/wp-content\/uploads\/2023\/01\/logo-completo-blu.svg","width":1,"height":1,"caption":"Giorgiutti & Di Barbara"},"image":{"@id":"https:\/\/www.giorgiutti.it\/#\/schema\/logo\/image\/"},"sameAs":["https:\/\/www.linkedin.com\/company\/giorgiutti-srl?trk=biz-companies-cym"]},{"@type":"Person","@id":"https:\/\/www.giorgiutti.it\/#\/schema\/person\/65170c0ab42b45e7140a3fefae3a50f5","name":"interlaced","image":{"@type":"ImageObject","inLanguage":"en-US","@id":"https:\/\/secure.gravatar.com\/avatar\/0ba4cc18d2f48555cfe5c04fe43d54e885364e91c7ae23d1b717767c3e879718?s=96&d=mm&r=g","url":"https:\/\/secure.gravatar.com\/avatar\/0ba4cc18d2f48555cfe5c04fe43d54e885364e91c7ae23d1b717767c3e879718?s=96&d=mm&r=g","contentUrl":"https:\/\/secure.gravatar.com\/avatar\/0ba4cc18d2f48555cfe5c04fe43d54e885364e91c7ae23d1b717767c3e879718?s=96&d=mm&r=g","caption":"interlaced"},"sameAs":["http:\/\/giorgiutti.it"]}]}},"_links":{"self":[{"href":"https:\/\/www.giorgiutti.it\/en\/wp-json\/wp\/v2\/posts\/1385","targetHints":{"allow":["GET"]}}],"collection":[{"href":"https:\/\/www.giorgiutti.it\/en\/wp-json\/wp\/v2\/posts"}],"about":[{"href":"https:\/\/www.giorgiutti.it\/en\/wp-json\/wp\/v2\/types\/post"}],"author":[{"embeddable":true,"href":"https:\/\/www.giorgiutti.it\/en\/wp-json\/wp\/v2\/users\/1"}],"replies":[{"embeddable":true,"href":"https:\/\/www.giorgiutti.it\/en\/wp-json\/wp\/v2\/comments?post=1385"}],"version-history":[{"count":2,"href":"https:\/\/www.giorgiutti.it\/en\/wp-json\/wp\/v2\/posts\/1385\/revisions"}],"predecessor-version":[{"id":1388,"href":"https:\/\/www.giorgiutti.it\/en\/wp-json\/wp\/v2\/posts\/1385\/revisions\/1388"}],"wp:featuredmedia":[{"embeddable":true,"href":"https:\/\/www.giorgiutti.it\/en\/wp-json\/wp\/v2\/media\/604"}],"wp:attachment":[{"href":"https:\/\/www.giorgiutti.it\/en\/wp-json\/wp\/v2\/media?parent=1385"}],"wp:term":[{"taxonomy":"category","embeddable":true,"href":"https:\/\/www.giorgiutti.it\/en\/wp-json\/wp\/v2\/categories?post=1385"},{"taxonomy":"post_tag","embeddable":true,"href":"https:\/\/www.giorgiutti.it\/en\/wp-json\/wp\/v2\/tags?post=1385"}],"curies":[{"name":"wp","href":"https:\/\/api.w.org\/{rel}","templated":true}]}}