{"id":3697,"date":"2023-11-13T10:22:00","date_gmt":"2023-11-13T09:22:00","guid":{"rendered":"https:\/\/giorgiutti.it\/?p=3697"},"modified":"2024-05-02T09:38:35","modified_gmt":"2024-05-02T07:38:35","slug":"contratti-a-termineil-ministero-interpreta-le-novita","status":"publish","type":"post","link":"https:\/\/www.giorgiutti.it\/de\/2023\/11\/contratti-a-termineil-ministero-interpreta-le-novita\/","title":{"rendered":"CONTRATTI A TERMINE: il ministero interpreta le novit\u00e0"},"content":{"rendered":"\n<p>Il Ministero del lavoro con la circolare n. 9 del 9 ottobre 2023 si concentra sulla conversione in legge del decreto n. 48\/2023 (decreto lavoro), che consente l\u2019azzeramento dei mesi di acausalit\u00e0 dei contratti a termine e somministrazione a termine, ma anche sulla validit\u00e0 delle causali dei contratti a termine fissate dai contratti collettivi, sull\u2019interpretazione da dare alla scadenza del 30 aprile 2024 per l\u2019individuazione delle causali stipulato per accordo fra datore e lavoratore e sui limiti quantitativi nella somministrazione di lavoro.<\/p>\n\n\n\n<p><strong>Il reset del contatore<\/strong><\/p>\n\n\n\n<p>La conversione del decreto nella legge 3 luglio 2023, n. 85 ha portato in dote l\u2019azzeramento dei periodi acausali dei rapporti a termine stipulati prima del 5 maggio scorso (data di entrata in vigore del decreto lavoro) anche se protratti oltre tale data. Sostanzialmente, dal contatore dei primi 12 mesi acausali possono essere eliminati tutti i periodi dei rapporti di lavoro a termine derivanti da contratti stipulati prima del 5 maggio 2023, siano essi riferiti a nuovi contratti, a proroghe o a rinnovi. A decorrere dal 5 maggio 2023, pertanto, i datori di lavoro potranno liberamente fare ricorso al contratto di lavoro a termine per un ulteriore periodo (massimo) di dodici mesi, senza necessit\u00e0 di ricorrere alle causali, indipendentemente da eventuali rapporti a termine gi\u00e0 intercorsi prima di tale data con il medesimo lavoratore. Nel caso in cui siano andati a scadenza dei contratti di lavoro a termine instaurati prima del 5 maggio, gli stessi possono essere rinnovati o prorogati \u201cliberamente\u201d per ulteriori dodici mesi. Con il termine \u201cstipulati\u201d il dicastero del lavoro precisa che si intendono non solo la sottoscrizione del primo contratto ma anche le sue proroghe o rinnovi.<\/p>\n\n\n\n<p><strong>Causali su misura<\/strong><\/p>\n\n\n\n<p>Con La riforma si \u00e8 voluto valorizzare il ruolo della contrattazione collettiva nella individuazione delle causali che consentono di apporre al contratto di lavoro un termine superiore ai dodici mesi, sempre nel limite dei 24 mesi di durata massima del singolo contratto. La norma distingue tre specifici livelli di contrattazione idonei ad apporre le condizioni che possano legittimare un ricorso al contratto a termine superiore a 12 mesi. Il primo, attraverso la contrattazione collettiva nazionale, territoriale o aziendale, il secondo a livello aziendale in via meramente sussidiaria in assenza della prima e, infine, quando tra le parti individuali del contratto di lavoro, se ci\u00f2 risponda ad esigenze di natura tecnica, organizzativa o produttiva che giustificano l\u2019apposizione di un termine al contratto. Quest\u2019ultima \u00e8 temporanea e subordinata all\u2019adeguamento alla norma da parte della contrattazione collettiva che dovr\u00e0 metterci mano entro il 30 aprile 2024. Tale data \u00e8 da intendersi come riferita alla stipula del contratto di lavoro, la cui durata, pertanto, potr\u00e0 anche andare oltre il 30 aprile 2024.<\/p>\n\n\n\n<p>La circolare analizza i vari casi, partendo dalla considerazione che la riforma si limita a riaffermare che spetta ai contratti collettivi nazionali, territoriali o aziendali stipulati da associazioni sindacali comparativamente pi\u00f9 rappresentative il compito di individuare le casuali. Nello specifico, se un accordo\/contratto collettivo fa rifermento a fattispecie legali ormai abrogate dalla nuova norma, le relative clausole potranno ritenersi implicitamente superate dalla riforma, con conseguente possibilit\u00e0 di stipula delle causali individuali, ma sempre e solo fino al 30 aprile 2024. Se invece un accordo\/contratto collettivo individua dei casi di ricorso al lavoro a termine in attuazione del decreto sostegni bis (introdotto durante il periodo Covid-19) \u2013 che, con il comma 1-lettera b-bis dell\u2019articolo 19 del d.lgs 81\/15, aveva stabilito la possibilit\u00e0 per le parti sociali di individuare delle causali ad hoc \u2013 considerata la sostanziale identit\u00e0 di tale normativa con le nuove regole, la relativa disciplina collettiva resta valida e vincolante. Queste aziende saranno vincolate, quindi, all\u2019utilizzo di tali causali, non potendo in alcun modo accedere al regime di pattuizione individuale previsto fino al 30 aprile 2024. Se, pertanto, la contrattazione collettiva applicata dall\u2019azienda dovesse prevedere causali di ricorso al contratto a tempo determinato specifiche e aderenti alla volont\u00e0 del legislatore ma oramai obsolete, l\u2019azienda ne \u00e8 comunque vincolata al rispetto e viene meno la possibilit\u00e0 di pattuizione individuale entro il 30 aprile 2024. Il ricorso a quest\u2019ultima fattispecie \u00e8 comunque permessa quando la contrattazione collettiva si limita ad un mero rinvio a disposizioni di legge.&nbsp;&nbsp;Va comunque precisato che ricade sulle parti sociali la responsabilit\u00e0 di porre mano urgentemente alla materia, in mancanza, scaduto il termine del 30 aprile, i contratti a termine potranno avere una durata massima di 12 mesi.&nbsp;<\/p>\n\n\n\n<p><strong>Limiti quantitativi per la somministrazione a tempo indeterminato<\/strong><\/p>\n\n\n\n<p>Con l\u2019introduzione del comma 1-quater vengono introdotte novit\u00e0 in materia di somministrazione di lavoro a tempo indeterminato. Nello specifico viene previsto che ai fini del rispetto del limite del 20 per cento (rispetto ai lavoratori a tempo indeterminato in forza all\u2019utilizzatore), previsto per i lavoratori assunti con il cosiddetto \u201cstaff leasing\u201d non rilevano i lavoratori somministrati assunti dall\u2019agenzia di somministrazione con contratto di apprendistato. Inoltre, \u00e8 stata esclusa espressamente l\u2019applicabilit\u00e0 di limiti quantitativi per la somministrazione a tempo indeterminato di alcune categorie di lavoratori, tassativamente individuate, tra cui i soggetti disoccupati che fruiscono da almeno sei mesi di trattamenti di disoccupazione non agricola o di ammortizzatori sociali, i lavoratori svantaggiati o molto svantaggiati. La circolare ricorda quali sono tali soggetti svantaggiati (privi di un impiego regolarmente retribuito da almeno sei mesi; et\u00e0 compresa tra i 15 e i 24 anni; privi un diploma di scuola media superiore o professionale o che abbiano completato la formazione a tempo pieno da non pi\u00f9 di due anni e non abbiano ancora ottenuto il primo impiego regolarmente retribuito; et\u00e0 superiore ai 50 anni; adulti che vivono soli con una o pi\u00f9 persone a carico; occupati in professioni o settori caratterizzati da un tasso di disparit\u00e0 uomo-donna che supera almeno del 25% la disparit\u00e0 media uomo-donna in tutti i settori economici; appartenenti a una minoranza etnica di uno Stato membro UE che abbiano la necessit\u00e0 di migliorare la propria formazione linguistica e professionale) e molto svantaggiati (soggetti che sono privi da almeno ventiquattro mesi di un impiego regolarmente retribuito e quelli che, privi da almeno dodici mesi di un impiego regolarmente retribuito, appartengono a una delle categorie prima richiamate).<\/p>\n\n\n\n<p>La novit\u00e0, che estende l\u2019analoga disposizione gi\u00e0 vigente per la somministrazione di lavoratori con contratto a termine, persegue \u2013 osserva la circolare \u2013 l\u2019obiettivo di assicurare maggiori occasioni di occupazione a soggetti che si trovano in oggettive condizioni di svantaggio e, dunque, con minori opportunit\u00e0 di rientrare con tempestivit\u00e0 nel mercato del lavoro.<\/p>\n\n\n\n<p><strong>Esigenze sostitutive<\/strong><\/p>\n\n\n\n<p>Quanto alle esigenze sostitutive, la circolare evidenza che nulla \u00e8 cambiato: resta fermo l\u2019onere per il datore di lavoro di precisare nel contratto le ragioni concrete ed effettive della sostituzione fermo restando che \u00e8 vietata la sostituzione di lavoratori che esercitano il diritto allo sciopero.&nbsp;<\/p>\n","protected":false},"excerpt":{"rendered":"<p>Il Ministero del lavoro con la circolare n. 9 del 9 ottobre 2023 si concentra sulla conversione in legge del decreto n. 48\/2023 (decreto lavoro), che consente l\u2019azzeramento dei mesi di acausalit\u00e0 dei contratti a termine e somministrazione a termine, ma anche sulla validit\u00e0 delle causali dei contratti a termine fissate dai contratti collettivi, sull\u2019interpretazione&hellip;<\/p>\n","protected":false},"author":1,"featured_media":2767,"comment_status":"closed","ping_status":"closed","sticky":false,"template":"","format":"standard","meta":{"footnotes":""},"categories":[77],"tags":[],"class_list":["post-3697","post","type-post","status-publish","format-standard","has-post-thumbnail","hentry","category-lavoro"],"yoast_head":"<!-- This site is optimized with the Yoast SEO plugin v27.5 - https:\/\/yoast.com\/product\/yoast-seo-wordpress\/ -->\n<title>CONTRATTI A TERMINE: il ministero interpreta le novit\u00e0 - Giorgiutti &amp; Di Barbara<\/title>\n<meta name=\"robots\" content=\"index, follow, max-snippet:-1, max-image-preview:large, max-video-preview:-1\" \/>\n<link rel=\"canonical\" href=\"https:\/\/www.giorgiutti.it\/2023\/11\/contratti-a-termineil-ministero-interpreta-le-novita\/\" \/>\n<meta property=\"og:locale\" content=\"de_DE\" \/>\n<meta property=\"og:type\" content=\"article\" \/>\n<meta property=\"og:title\" content=\"CONTRATTI A TERMINE: il ministero interpreta le novit\u00e0 - Giorgiutti &amp; Di Barbara\" \/>\n<meta property=\"og:description\" content=\"Il Ministero del lavoro con la circolare n. 9 del 9 ottobre 2023 si concentra sulla conversione in legge del decreto n. 48\/2023 (decreto lavoro), che consente l\u2019azzeramento dei mesi di acausalit\u00e0 dei contratti a termine e somministrazione a termine, ma anche sulla validit\u00e0 delle causali dei contratti a termine fissate dai contratti collettivi, sull\u2019interpretazione&hellip;\" \/>\n<meta property=\"og:url\" content=\"https:\/\/www.giorgiutti.it\/2023\/11\/contratti-a-termineil-ministero-interpreta-le-novita\/\" \/>\n<meta property=\"og:site_name\" content=\"Giorgiutti &amp; Di Barbara\" \/>\n<meta property=\"article:published_time\" content=\"2023-11-13T09:22:00+00:00\" \/>\n<meta property=\"article:modified_time\" content=\"2024-05-02T07:38:35+00:00\" \/>\n<meta property=\"og:image\" content=\"https:\/\/www.giorgiutti.it\/wp-content\/uploads\/2023\/11\/placeholder-giorgiutti-1.jpg\" \/>\n\t<meta property=\"og:image:width\" content=\"600\" \/>\n\t<meta property=\"og:image:height\" content=\"450\" \/>\n\t<meta property=\"og:image:type\" content=\"image\/jpeg\" \/>\n<meta name=\"author\" content=\"interlaced\" \/>\n<meta name=\"twitter:card\" content=\"summary_large_image\" \/>\n<meta name=\"twitter:label1\" content=\"Written by\" \/>\n\t<meta name=\"twitter:data1\" content=\"interlaced\" \/>\n\t<meta name=\"twitter:label2\" content=\"Est. reading time\" \/>\n\t<meta name=\"twitter:data2\" content=\"5 minutes\" \/>\n<script type=\"application\/ld+json\" class=\"yoast-schema-graph\">{\"@context\":\"https:\\\/\\\/schema.org\",\"@graph\":[{\"@type\":\"Article\",\"@id\":\"https:\\\/\\\/www.giorgiutti.it\\\/2023\\\/11\\\/contratti-a-termineil-ministero-interpreta-le-novita\\\/#article\",\"isPartOf\":{\"@id\":\"https:\\\/\\\/www.giorgiutti.it\\\/2023\\\/11\\\/contratti-a-termineil-ministero-interpreta-le-novita\\\/\"},\"author\":{\"name\":\"interlaced\",\"@id\":\"https:\\\/\\\/www.giorgiutti.it\\\/#\\\/schema\\\/person\\\/65170c0ab42b45e7140a3fefae3a50f5\"},\"headline\":\"CONTRATTI A TERMINE: il ministero interpreta le novit\u00e0\",\"datePublished\":\"2023-11-13T09:22:00+00:00\",\"dateModified\":\"2024-05-02T07:38:35+00:00\",\"mainEntityOfPage\":{\"@id\":\"https:\\\/\\\/www.giorgiutti.it\\\/2023\\\/11\\\/contratti-a-termineil-ministero-interpreta-le-novita\\\/\"},\"wordCount\":1097,\"publisher\":{\"@id\":\"https:\\\/\\\/www.giorgiutti.it\\\/#organization\"},\"image\":{\"@id\":\"https:\\\/\\\/www.giorgiutti.it\\\/2023\\\/11\\\/contratti-a-termineil-ministero-interpreta-le-novita\\\/#primaryimage\"},\"thumbnailUrl\":\"https:\\\/\\\/www.giorgiutti.it\\\/wp-content\\\/uploads\\\/2023\\\/11\\\/placeholder-giorgiutti-1.jpg\",\"articleSection\":[\"Lavoro\"],\"inLanguage\":\"de-DE\"},{\"@type\":\"WebPage\",\"@id\":\"https:\\\/\\\/www.giorgiutti.it\\\/2023\\\/11\\\/contratti-a-termineil-ministero-interpreta-le-novita\\\/\",\"url\":\"https:\\\/\\\/www.giorgiutti.it\\\/2023\\\/11\\\/contratti-a-termineil-ministero-interpreta-le-novita\\\/\",\"name\":\"CONTRATTI A TERMINE: il ministero interpreta le novit\u00e0 - Giorgiutti &amp; Di Barbara\",\"isPartOf\":{\"@id\":\"https:\\\/\\\/www.giorgiutti.it\\\/#website\"},\"primaryImageOfPage\":{\"@id\":\"https:\\\/\\\/www.giorgiutti.it\\\/2023\\\/11\\\/contratti-a-termineil-ministero-interpreta-le-novita\\\/#primaryimage\"},\"image\":{\"@id\":\"https:\\\/\\\/www.giorgiutti.it\\\/2023\\\/11\\\/contratti-a-termineil-ministero-interpreta-le-novita\\\/#primaryimage\"},\"thumbnailUrl\":\"https:\\\/\\\/www.giorgiutti.it\\\/wp-content\\\/uploads\\\/2023\\\/11\\\/placeholder-giorgiutti-1.jpg\",\"datePublished\":\"2023-11-13T09:22:00+00:00\",\"dateModified\":\"2024-05-02T07:38:35+00:00\",\"breadcrumb\":{\"@id\":\"https:\\\/\\\/www.giorgiutti.it\\\/2023\\\/11\\\/contratti-a-termineil-ministero-interpreta-le-novita\\\/#breadcrumb\"},\"inLanguage\":\"de-DE\",\"potentialAction\":[{\"@type\":\"ReadAction\",\"target\":[\"https:\\\/\\\/www.giorgiutti.it\\\/2023\\\/11\\\/contratti-a-termineil-ministero-interpreta-le-novita\\\/\"]}]},{\"@type\":\"ImageObject\",\"inLanguage\":\"de-DE\",\"@id\":\"https:\\\/\\\/www.giorgiutti.it\\\/2023\\\/11\\\/contratti-a-termineil-ministero-interpreta-le-novita\\\/#primaryimage\",\"url\":\"https:\\\/\\\/www.giorgiutti.it\\\/wp-content\\\/uploads\\\/2023\\\/11\\\/placeholder-giorgiutti-1.jpg\",\"contentUrl\":\"https:\\\/\\\/www.giorgiutti.it\\\/wp-content\\\/uploads\\\/2023\\\/11\\\/placeholder-giorgiutti-1.jpg\",\"width\":600,\"height\":450},{\"@type\":\"BreadcrumbList\",\"@id\":\"https:\\\/\\\/www.giorgiutti.it\\\/2023\\\/11\\\/contratti-a-termineil-ministero-interpreta-le-novita\\\/#breadcrumb\",\"itemListElement\":[{\"@type\":\"ListItem\",\"position\":1,\"name\":\"Home\",\"item\":\"https:\\\/\\\/www.giorgiutti.it\\\/de\\\/\"},{\"@type\":\"ListItem\",\"position\":2,\"name\":\"CONTRATTI A TERMINE: il ministero interpreta le novit\u00e0\"}]},{\"@type\":\"WebSite\",\"@id\":\"https:\\\/\\\/www.giorgiutti.it\\\/#website\",\"url\":\"https:\\\/\\\/www.giorgiutti.it\\\/\",\"name\":\"Giorgiutti & Di Barbara\",\"description\":\"Studio Consulenze del Lavoro\",\"publisher\":{\"@id\":\"https:\\\/\\\/www.giorgiutti.it\\\/#organization\"},\"potentialAction\":[{\"@type\":\"SearchAction\",\"target\":{\"@type\":\"EntryPoint\",\"urlTemplate\":\"https:\\\/\\\/www.giorgiutti.it\\\/?s={search_term_string}\"},\"query-input\":{\"@type\":\"PropertyValueSpecification\",\"valueRequired\":true,\"valueName\":\"search_term_string\"}}],\"inLanguage\":\"de-DE\"},{\"@type\":\"Organization\",\"@id\":\"https:\\\/\\\/www.giorgiutti.it\\\/#organization\",\"name\":\"Giorgiutti & Di Barbara\",\"url\":\"https:\\\/\\\/www.giorgiutti.it\\\/\",\"logo\":{\"@type\":\"ImageObject\",\"inLanguage\":\"de-DE\",\"@id\":\"https:\\\/\\\/www.giorgiutti.it\\\/#\\\/schema\\\/logo\\\/image\\\/\",\"url\":\"https:\\\/\\\/www.giorgiutti.it\\\/wp-content\\\/uploads\\\/2023\\\/01\\\/logo-completo-blu.svg\",\"contentUrl\":\"https:\\\/\\\/www.giorgiutti.it\\\/wp-content\\\/uploads\\\/2023\\\/01\\\/logo-completo-blu.svg\",\"width\":1,\"height\":1,\"caption\":\"Giorgiutti & Di Barbara\"},\"image\":{\"@id\":\"https:\\\/\\\/www.giorgiutti.it\\\/#\\\/schema\\\/logo\\\/image\\\/\"},\"sameAs\":[\"https:\\\/\\\/www.linkedin.com\\\/company\\\/giorgiutti-srl?trk=biz-companies-cym\"]},{\"@type\":\"Person\",\"@id\":\"https:\\\/\\\/www.giorgiutti.it\\\/#\\\/schema\\\/person\\\/65170c0ab42b45e7140a3fefae3a50f5\",\"name\":\"interlaced\",\"image\":{\"@type\":\"ImageObject\",\"inLanguage\":\"de-DE\",\"@id\":\"https:\\\/\\\/secure.gravatar.com\\\/avatar\\\/0ba4cc18d2f48555cfe5c04fe43d54e885364e91c7ae23d1b717767c3e879718?s=96&d=mm&r=g\",\"url\":\"https:\\\/\\\/secure.gravatar.com\\\/avatar\\\/0ba4cc18d2f48555cfe5c04fe43d54e885364e91c7ae23d1b717767c3e879718?s=96&d=mm&r=g\",\"contentUrl\":\"https:\\\/\\\/secure.gravatar.com\\\/avatar\\\/0ba4cc18d2f48555cfe5c04fe43d54e885364e91c7ae23d1b717767c3e879718?s=96&d=mm&r=g\",\"caption\":\"interlaced\"},\"sameAs\":[\"http:\\\/\\\/giorgiutti.it\"]}]}<\/script>\n<!-- \/ Yoast SEO plugin. -->","yoast_head_json":{"title":"CONTRATTI A TERMINE: il ministero interpreta le novit\u00e0 - Giorgiutti &amp; Di Barbara","robots":{"index":"index","follow":"follow","max-snippet":"max-snippet:-1","max-image-preview":"max-image-preview:large","max-video-preview":"max-video-preview:-1"},"canonical":"https:\/\/www.giorgiutti.it\/2023\/11\/contratti-a-termineil-ministero-interpreta-le-novita\/","og_locale":"de_DE","og_type":"article","og_title":"CONTRATTI A TERMINE: il ministero interpreta le novit\u00e0 - Giorgiutti &amp; Di Barbara","og_description":"Il Ministero del lavoro con la circolare n. 9 del 9 ottobre 2023 si concentra sulla conversione in legge del decreto n. 48\/2023 (decreto lavoro), che consente l\u2019azzeramento dei mesi di acausalit\u00e0 dei contratti a termine e somministrazione a termine, ma anche sulla validit\u00e0 delle causali dei contratti a termine fissate dai contratti collettivi, sull\u2019interpretazione&hellip;","og_url":"https:\/\/www.giorgiutti.it\/2023\/11\/contratti-a-termineil-ministero-interpreta-le-novita\/","og_site_name":"Giorgiutti &amp; Di Barbara","article_published_time":"2023-11-13T09:22:00+00:00","article_modified_time":"2024-05-02T07:38:35+00:00","og_image":[{"width":600,"height":450,"url":"https:\/\/www.giorgiutti.it\/wp-content\/uploads\/2023\/11\/placeholder-giorgiutti-1.jpg","type":"image\/jpeg"}],"author":"interlaced","twitter_card":"summary_large_image","twitter_misc":{"Written by":"interlaced","Est. reading time":"5 minutes"},"schema":{"@context":"https:\/\/schema.org","@graph":[{"@type":"Article","@id":"https:\/\/www.giorgiutti.it\/2023\/11\/contratti-a-termineil-ministero-interpreta-le-novita\/#article","isPartOf":{"@id":"https:\/\/www.giorgiutti.it\/2023\/11\/contratti-a-termineil-ministero-interpreta-le-novita\/"},"author":{"name":"interlaced","@id":"https:\/\/www.giorgiutti.it\/#\/schema\/person\/65170c0ab42b45e7140a3fefae3a50f5"},"headline":"CONTRATTI A TERMINE: il ministero interpreta le novit\u00e0","datePublished":"2023-11-13T09:22:00+00:00","dateModified":"2024-05-02T07:38:35+00:00","mainEntityOfPage":{"@id":"https:\/\/www.giorgiutti.it\/2023\/11\/contratti-a-termineil-ministero-interpreta-le-novita\/"},"wordCount":1097,"publisher":{"@id":"https:\/\/www.giorgiutti.it\/#organization"},"image":{"@id":"https:\/\/www.giorgiutti.it\/2023\/11\/contratti-a-termineil-ministero-interpreta-le-novita\/#primaryimage"},"thumbnailUrl":"https:\/\/www.giorgiutti.it\/wp-content\/uploads\/2023\/11\/placeholder-giorgiutti-1.jpg","articleSection":["Lavoro"],"inLanguage":"de-DE"},{"@type":"WebPage","@id":"https:\/\/www.giorgiutti.it\/2023\/11\/contratti-a-termineil-ministero-interpreta-le-novita\/","url":"https:\/\/www.giorgiutti.it\/2023\/11\/contratti-a-termineil-ministero-interpreta-le-novita\/","name":"CONTRATTI A TERMINE: il ministero interpreta le novit\u00e0 - Giorgiutti &amp; Di Barbara","isPartOf":{"@id":"https:\/\/www.giorgiutti.it\/#website"},"primaryImageOfPage":{"@id":"https:\/\/www.giorgiutti.it\/2023\/11\/contratti-a-termineil-ministero-interpreta-le-novita\/#primaryimage"},"image":{"@id":"https:\/\/www.giorgiutti.it\/2023\/11\/contratti-a-termineil-ministero-interpreta-le-novita\/#primaryimage"},"thumbnailUrl":"https:\/\/www.giorgiutti.it\/wp-content\/uploads\/2023\/11\/placeholder-giorgiutti-1.jpg","datePublished":"2023-11-13T09:22:00+00:00","dateModified":"2024-05-02T07:38:35+00:00","breadcrumb":{"@id":"https:\/\/www.giorgiutti.it\/2023\/11\/contratti-a-termineil-ministero-interpreta-le-novita\/#breadcrumb"},"inLanguage":"de-DE","potentialAction":[{"@type":"ReadAction","target":["https:\/\/www.giorgiutti.it\/2023\/11\/contratti-a-termineil-ministero-interpreta-le-novita\/"]}]},{"@type":"ImageObject","inLanguage":"de-DE","@id":"https:\/\/www.giorgiutti.it\/2023\/11\/contratti-a-termineil-ministero-interpreta-le-novita\/#primaryimage","url":"https:\/\/www.giorgiutti.it\/wp-content\/uploads\/2023\/11\/placeholder-giorgiutti-1.jpg","contentUrl":"https:\/\/www.giorgiutti.it\/wp-content\/uploads\/2023\/11\/placeholder-giorgiutti-1.jpg","width":600,"height":450},{"@type":"BreadcrumbList","@id":"https:\/\/www.giorgiutti.it\/2023\/11\/contratti-a-termineil-ministero-interpreta-le-novita\/#breadcrumb","itemListElement":[{"@type":"ListItem","position":1,"name":"Home","item":"https:\/\/www.giorgiutti.it\/de\/"},{"@type":"ListItem","position":2,"name":"CONTRATTI A TERMINE: il ministero interpreta le novit\u00e0"}]},{"@type":"WebSite","@id":"https:\/\/www.giorgiutti.it\/#website","url":"https:\/\/www.giorgiutti.it\/","name":"Giorgiutti & Di Barbara","description":"Studio Consulenze del Lavoro","publisher":{"@id":"https:\/\/www.giorgiutti.it\/#organization"},"potentialAction":[{"@type":"SearchAction","target":{"@type":"EntryPoint","urlTemplate":"https:\/\/www.giorgiutti.it\/?s={search_term_string}"},"query-input":{"@type":"PropertyValueSpecification","valueRequired":true,"valueName":"search_term_string"}}],"inLanguage":"de-DE"},{"@type":"Organization","@id":"https:\/\/www.giorgiutti.it\/#organization","name":"Giorgiutti & Di Barbara","url":"https:\/\/www.giorgiutti.it\/","logo":{"@type":"ImageObject","inLanguage":"de-DE","@id":"https:\/\/www.giorgiutti.it\/#\/schema\/logo\/image\/","url":"https:\/\/www.giorgiutti.it\/wp-content\/uploads\/2023\/01\/logo-completo-blu.svg","contentUrl":"https:\/\/www.giorgiutti.it\/wp-content\/uploads\/2023\/01\/logo-completo-blu.svg","width":1,"height":1,"caption":"Giorgiutti & Di Barbara"},"image":{"@id":"https:\/\/www.giorgiutti.it\/#\/schema\/logo\/image\/"},"sameAs":["https:\/\/www.linkedin.com\/company\/giorgiutti-srl?trk=biz-companies-cym"]},{"@type":"Person","@id":"https:\/\/www.giorgiutti.it\/#\/schema\/person\/65170c0ab42b45e7140a3fefae3a50f5","name":"interlaced","image":{"@type":"ImageObject","inLanguage":"de-DE","@id":"https:\/\/secure.gravatar.com\/avatar\/0ba4cc18d2f48555cfe5c04fe43d54e885364e91c7ae23d1b717767c3e879718?s=96&d=mm&r=g","url":"https:\/\/secure.gravatar.com\/avatar\/0ba4cc18d2f48555cfe5c04fe43d54e885364e91c7ae23d1b717767c3e879718?s=96&d=mm&r=g","contentUrl":"https:\/\/secure.gravatar.com\/avatar\/0ba4cc18d2f48555cfe5c04fe43d54e885364e91c7ae23d1b717767c3e879718?s=96&d=mm&r=g","caption":"interlaced"},"sameAs":["http:\/\/giorgiutti.it"]}]}},"_links":{"self":[{"href":"https:\/\/www.giorgiutti.it\/de\/wp-json\/wp\/v2\/posts\/3697","targetHints":{"allow":["GET"]}}],"collection":[{"href":"https:\/\/www.giorgiutti.it\/de\/wp-json\/wp\/v2\/posts"}],"about":[{"href":"https:\/\/www.giorgiutti.it\/de\/wp-json\/wp\/v2\/types\/post"}],"author":[{"embeddable":true,"href":"https:\/\/www.giorgiutti.it\/de\/wp-json\/wp\/v2\/users\/1"}],"replies":[{"embeddable":true,"href":"https:\/\/www.giorgiutti.it\/de\/wp-json\/wp\/v2\/comments?post=3697"}],"version-history":[{"count":2,"href":"https:\/\/www.giorgiutti.it\/de\/wp-json\/wp\/v2\/posts\/3697\/revisions"}],"predecessor-version":[{"id":3699,"href":"https:\/\/www.giorgiutti.it\/de\/wp-json\/wp\/v2\/posts\/3697\/revisions\/3699"}],"wp:featuredmedia":[{"embeddable":true,"href":"https:\/\/www.giorgiutti.it\/de\/wp-json\/wp\/v2\/media\/2767"}],"wp:attachment":[{"href":"https:\/\/www.giorgiutti.it\/de\/wp-json\/wp\/v2\/media?parent=3697"}],"wp:term":[{"taxonomy":"category","embeddable":true,"href":"https:\/\/www.giorgiutti.it\/de\/wp-json\/wp\/v2\/categories?post=3697"},{"taxonomy":"post_tag","embeddable":true,"href":"https:\/\/www.giorgiutti.it\/de\/wp-json\/wp\/v2\/tags?post=3697"}],"curies":[{"name":"wp","href":"https:\/\/api.w.org\/{rel}","templated":true}]}}